{"id":1654,"date":"2023-08-23T16:00:20","date_gmt":"2023-08-23T14:00:20","guid":{"rendered":"https:\/\/www.tuconnaispasdd.com\/?p=1654"},"modified":"2023-09-25T10:11:30","modified_gmt":"2023-09-25T08:11:30","slug":"dd-a-lecole","status":"publish","type":"post","link":"https:\/\/www.tuconnaispasdd.com\/en\/dd-a-lecole\/","title":{"rendered":"DD at school"},"content":{"rendered":"<p>With the new school year upon us, I thought I'd take a look at sustainable development, creativity (as always) and school! Ouch!<\/p>\n\n\n\n<p>Sustainable development is an important topic in education systems around the world. However, the precise details may vary depending on the country, the level of education and the education policies in place. Here is some general information on teaching sustainable development:<\/p>\n\n\n\n<p>In theory, in France<\/p>\n\n\n\n<p>\u2022 education for sustainable development is integrated into school curricula<\/p>\n\n\n\n<p>\u2022 It is approached in a cross-curricular way, i.e. it is integrated into different subjects and disciplines. Sustainable development can be taught through themes such as the environment, the economy, society, biodiversity, climate change, etc.<\/p>\n\n\n\n<p>\u2022 The French Ministry of Education has published documents and teaching resources to help teachers incorporate the principles of sustainable development into their lessons. <\/p>\n\n\n\n<figure class=\"wp-block-image size-large\"><img loading=\"lazy\" decoding=\"async\" width=\"768\" height=\"1024\" src=\"https:\/\/www.tuconnaispasdd.com\/wp-content\/uploads\/2023\/08\/pexels-anastasia-pavlova-8098436-768x1024.jpg\" alt=\"\" class=\"wp-image-1718\" srcset=\"https:\/\/www.tuconnaispasdd.com\/wp-content\/uploads\/2023\/08\/pexels-anastasia-pavlova-8098436-768x1024.jpg 768w, https:\/\/www.tuconnaispasdd.com\/wp-content\/uploads\/2023\/08\/pexels-anastasia-pavlova-8098436-225x300.jpg 225w, https:\/\/www.tuconnaispasdd.com\/wp-content\/uploads\/2023\/08\/pexels-anastasia-pavlova-8098436-1152x1536.jpg 1152w, https:\/\/www.tuconnaispasdd.com\/wp-content\/uploads\/2023\/08\/pexels-anastasia-pavlova-8098436-1536x2048.jpg 1536w, https:\/\/www.tuconnaispasdd.com\/wp-content\/uploads\/2023\/08\/pexels-anastasia-pavlova-8098436-scaled.jpg 1920w\" sizes=\"(max-width: 768px) 100vw, 768px\" \/><\/figure>\n\n\n\n<h2 class=\"wp-block-heading\">2 years ago, I did my own survey...<\/h2>\n\n\n\n<p>For projects and prototypes, I interviewed several classes of primary school.<\/p>\n\n\n\n<p><strong> \"Do you know sustainable development?\" <\/strong><\/p>\n\n\n\n<p>There was no doubt about it, the term was largely unknown to them, <strong>they didn't know DD (as D\u00e9veloppement Durable);-)<\/strong><\/p>\n\n\n\n<p>They had vaguely heard about the importance of saving water, recycling waste...I saw few solidarity projects...lack of time? Lack of resources?<\/p>\n\n\n\n<p>I didn't look any further for the answers.<\/p>\n\n\n\n<figure class=\"wp-block-image size-large\"><img loading=\"lazy\" decoding=\"async\" width=\"683\" height=\"1024\" src=\"https:\/\/www.tuconnaispasdd.com\/wp-content\/uploads\/2023\/08\/pexels-allan-mas-5624248-683x1024.jpg\" alt=\"\" class=\"wp-image-1719\" srcset=\"https:\/\/www.tuconnaispasdd.com\/wp-content\/uploads\/2023\/08\/pexels-allan-mas-5624248-683x1024.jpg 683w, https:\/\/www.tuconnaispasdd.com\/wp-content\/uploads\/2023\/08\/pexels-allan-mas-5624248-200x300.jpg 200w, https:\/\/www.tuconnaispasdd.com\/wp-content\/uploads\/2023\/08\/pexels-allan-mas-5624248-768x1152.jpg 768w, https:\/\/www.tuconnaispasdd.com\/wp-content\/uploads\/2023\/08\/pexels-allan-mas-5624248-1024x1536.jpg 1024w, https:\/\/www.tuconnaispasdd.com\/wp-content\/uploads\/2023\/08\/pexels-allan-mas-5624248-1365x2048.jpg 1365w, https:\/\/www.tuconnaispasdd.com\/wp-content\/uploads\/2023\/08\/pexels-allan-mas-5624248-scaled.jpg 1707w\" sizes=\"(max-width: 683px) 100vw, 683px\" \/><\/figure>\n\n\n\n<h2 class=\"wp-block-heading\">SO...LET'S PUT THE SPOTLIGHT ON GOOD DEEDS INSTEAD<\/h2>\n\n\n\n<p> <\/p>\n\n\n\n<figure class=\"wp-block-image size-large\"><img loading=\"lazy\" decoding=\"async\" width=\"1024\" height=\"683\" src=\"https:\/\/www.tuconnaispasdd.com\/wp-content\/uploads\/2023\/08\/pexels-katie-rainbow-d\u009f\u008f\u00b3i\u00b8\u008fa\u0080\u008dd\u009f\u008c\u0088-8275209-1024x683.jpg\" alt=\"\" class=\"wp-image-1720\" srcset=\"https:\/\/www.tuconnaispasdd.com\/wp-content\/uploads\/2023\/08\/pexels-katie-rainbow-d\u009f\u008f\u00b3i\u00b8\u008fa\u0080\u008dd\u009f\u008c\u0088-8275209-1024x683.jpg 1024w, https:\/\/www.tuconnaispasdd.com\/wp-content\/uploads\/2023\/08\/pexels-katie-rainbow-d\u009f\u008f\u00b3i\u00b8\u008fa\u0080\u008dd\u009f\u008c\u0088-8275209-300x200.jpg 300w, https:\/\/www.tuconnaispasdd.com\/wp-content\/uploads\/2023\/08\/pexels-katie-rainbow-d\u009f\u008f\u00b3i\u00b8\u008fa\u0080\u008dd\u009f\u008c\u0088-8275209-768x512.jpg 768w, https:\/\/www.tuconnaispasdd.com\/wp-content\/uploads\/2023\/08\/pexels-katie-rainbow-d\u009f\u008f\u00b3i\u00b8\u008fa\u0080\u008dd\u009f\u008c\u0088-8275209-1536x1024.jpg 1536w, https:\/\/www.tuconnaispasdd.com\/wp-content\/uploads\/2023\/08\/pexels-katie-rainbow-d\u009f\u008f\u00b3i\u00b8\u008fa\u0080\u008dd\u009f\u008c\u0088-8275209-2048x1365.jpg 2048w\" sizes=\"(max-width: 1024px) 100vw, 1024px\" \/><\/figure>\n\n\n\n<h2 class=\"wp-block-heading\"><strong>CREATIVITY <\/strong><\/h2>\n\n\n\n<p>Remember the Jackson's test, which asks \"What can you do with a paper clip?\"<\/p>\n\n\n\n<p>Above a certain threshold of responses established by the test protocol, they can be considered as geniuses of divergent thinking (explanations here : <a href=\"https:\/\/asana.com\/fr\/resources\/convergent-vs-divergent\" target=\"_blank\" rel=\"noopener\" title=\"\">https:\/\/asana.com\/fr\/resources\/convergent-vs-divergent<\/a>).<\/p>\n\n\n\n<p>\u20221,500 nursery pupils (aged 4\/5) were assessed by researchers George Land and Beth Jarman, and 98% of them reached this threshold. <strong>98% <\/strong>have reached this threshold.<\/p>\n\n\n\n<p>\u20225 years later, the same pupils (aged 9\/10 at the time) were tested again and found to be only <strong>30% <\/strong>to reach it.<\/p>\n\n\n\n<p>\u20225 years later, it was only <strong>12%<\/strong>.<\/p>\n\n\n\n<p>\u2022The same tests were carried out on a group of 300,000 adults aged 30 on average: <strong>2%<\/strong> of divergent thinking geniuses only...<\/p>\n\n\n\n<p><\/p>\n\n\n\n<hr class=\"wp-block-separator has-css-opacity is-style-default\"\/>\n\n\n\n<div class=\"wp-block-cover alignfull\" style=\"min-height:800px;aspect-ratio:unset;\"><span aria-hidden=\"true\" class=\"wp-block-cover__background has-background-dim-60 has-background-dim\"><\/span><img decoding=\"async\" class=\"wp-block-cover__image-background\" alt=\"\" src=\"https:\/\/s.w.org\/images\/core\/5.8\/forest.jpg\" data-object-fit=\"cover\"\/><div class=\"wp-block-cover__inner-container is-layout-flow wp-block-cover-is-layout-flow\">\n<h2 class=\"wp-block-heading alignwide has-text-color\" style=\"color:#ffe074;font-size:64px\">Forest.<\/h2>\n\n\n\n<div class=\"wp-block-columns alignwide is-layout-flex wp-container-core-columns-is-layout-1 wp-block-columns-is-layout-flex\">\n<div class=\"wp-block-column is-layout-flow wp-block-column-is-layout-flow\" style=\"flex-basis:55%\">\n<div style=\"height:330px\" aria-hidden=\"true\" class=\"wp-block-spacer\"><\/div>\n\n\n\n<p class=\"has-text-color\" style=\"color:#ffe074;font-size:12px;line-height:1.3\"><em>Even a child knows how precious the forest is. The fresh smell of the trees, breathtaking. The echo of birds flying over the dense magnitude. A stable climate, sustainable and diverse life and a source of culture. Yet forests and other ecosystems are at risk, threatened with being turned into croplands, pastures or plantations.<\/em><\/p>\n<\/div>\n\n\n\n<div class=\"wp-block-column is-layout-flow wp-block-column-is-layout-flow\">\n<p>\"&nbsp;<strong><em>we're navigating between the urgent and the essential... and all ideas are good to go!<\/em><\/strong>&nbsp;\u00bb Edgar Morin et Tariq Ramadan<\/p>\n<\/div>\n<\/div>\n<\/div><\/div>\n\n\n\n<blockquote class=\"wp-block-quote has-text-align-center is-style-large is-layout-flow wp-block-quote-is-layout-flow\">\n<p><strong>\"School kills creativity\"<\/strong><\/p>\n<cite>\u2014<em><em>Ken Robinso<\/em><\/em><\/cite><\/blockquote>\n\n\n\n<blockquote class=\"wp-block-quote is-layout-flow wp-block-quote-is-layout-flow\">\n<hr class=\"wp-block-separator has-css-opacity is-style-default\"\/>\n\n\n\n<figure class=\"wp-block-image size-large\"><img loading=\"lazy\" decoding=\"async\" width=\"1024\" height=\"683\" src=\"https:\/\/www.tuconnaispasdd.com\/wp-content\/uploads\/2023\/08\/pexels-charles-parker-5859225-1024x683.jpg\" alt=\"\" class=\"wp-image-1717\" srcset=\"https:\/\/www.tuconnaispasdd.com\/wp-content\/uploads\/2023\/08\/pexels-charles-parker-5859225-1024x683.jpg 1024w, https:\/\/www.tuconnaispasdd.com\/wp-content\/uploads\/2023\/08\/pexels-charles-parker-5859225-300x200.jpg 300w, https:\/\/www.tuconnaispasdd.com\/wp-content\/uploads\/2023\/08\/pexels-charles-parker-5859225-768x512.jpg 768w, https:\/\/www.tuconnaispasdd.com\/wp-content\/uploads\/2023\/08\/pexels-charles-parker-5859225-1536x1024.jpg 1536w, https:\/\/www.tuconnaispasdd.com\/wp-content\/uploads\/2023\/08\/pexels-charles-parker-5859225-2048x1365.jpg 2048w\" sizes=\"(max-width: 1024px) 100vw, 1024px\" \/><\/figure>\n\n\n\n<blockquote class=\"wp-block-quote has-text-align-center is-style-large is-layout-flow wp-block-quote-is-layout-flow\">\n<p><strong>\"&nbsp;&nbsp;<em>we'd like to hear more often, only creativity can save us.&nbsp;<\/em>\"<\/strong><\/p>\n<cite>\u2014 Dirigeant jurassien de PME, Neuman, A. <\/cite><\/blockquote>\n\n\n\n<hr class=\"wp-block-separator has-css-opacity is-style-default\"\/>\n<\/blockquote>\n\n\n\n<h2 class=\"wp-block-heading\">2 - information...always...<\/h2>\n\n\n\n<p><\/p>\n\n\n\n<p>The world needs new ideas to find solutions, change mindsets, raise awareness of the need to act and reinvent ourselves. So let's keep our little geniuses informed, even if it's not always fun.<\/p>\n\n\n\n<p>@Amazing posters from the Goodplanet foundation <a href=\"https:\/\/www.goodplanet.org\/fr\/\">https:\/\/www.goodplanet.org\/fr\/<\/a><\/p>\n\n\n\n<figure class=\"wp-block-image size-large\"><img loading=\"lazy\" decoding=\"async\" width=\"1024\" height=\"655\" src=\"https:\/\/www.tuconnaispasdd.com\/wp-content\/uploads\/2023\/08\/IMG_1637-1024x655.jpg\" alt=\"\" class=\"wp-image-1716\" srcset=\"https:\/\/www.tuconnaispasdd.com\/wp-content\/uploads\/2023\/08\/IMG_1637-1024x655.jpg 1024w, https:\/\/www.tuconnaispasdd.com\/wp-content\/uploads\/2023\/08\/IMG_1637-300x192.jpg 300w, https:\/\/www.tuconnaispasdd.com\/wp-content\/uploads\/2023\/08\/IMG_1637-768x491.jpg 768w, https:\/\/www.tuconnaispasdd.com\/wp-content\/uploads\/2023\/08\/IMG_1637-1536x982.jpg 1536w, https:\/\/www.tuconnaispasdd.com\/wp-content\/uploads\/2023\/08\/IMG_1637-2048x1310.jpg 2048w\" sizes=\"(max-width: 1024px) 100vw, 1024px\" \/><\/figure>\n\n\n\n<h2 class=\"wp-block-heading\">3 - Implementation<\/h2>\n\n\n\n<p><strong>For the very young (before school...) : <\/strong><\/p>\n\n\n\n<p>\u2022The association \"Agir pour la petite enfance\" (Acting for Early Childhood) has always relied on creativity and encourages early childhood professionals to explore it as part of a responsible approach. The ECLA workshops use recycled materials or materials already available in the facilities. Nature and the child take care of the rest. <a href=\"https:\/\/semainepetiteenfance.fr\/les-missions-et-actions-de-lassociation\/\" target=\"_blank\" rel=\"noopener\" title=\"\">https:\/\/semainepetiteenfance.fr\/les-missions-et-actions-de-lassociation\/<\/a><\/p>\n\n\n\n<p>\u2022In Italy, the Reggio Emilia teaching approach. In addition to autonomy, creativity and art are at the heart of the educational process. \"A childcare facility must therefore encourage this multiplicity of communication, through creativity and art. It is essential to encourage expression (artistic, physical, linguistic, emotional, etc.)\". The inventiveness of the child, who is seen as a competent player in his or her own development.<a href=\"https:\/\/lesprosdelapetiteenfance.fr\/bebes-enfants\/psycho-pedagogie\/lapproche-reggio-encourager-toutes-les-formes-dexpression-chez-lenfant\/les-points-forts-de-lapproche-pedagogique-reggio\" target=\"_blank\" rel=\"noopener\" title=\"\">https:\/\/lesprosdelapetiteenfance.fr\/bebes-enfants\/psycho-pedagogie\/lapproche-reggio-encourager-toutes-les-formes-dexpression-chez-lenfant\/les-points-forts-de-lapproche-pedagogique-reggio<\/a><\/p>\n\n\n\n<p>\u2022In Belgium, La maison ABC\" Une \u00e9cole pour la vie\" is an art research centre, an \"interactive and artistic laboratory for discovery, research and expression\".<a href=\"https:\/\/www.abc-web.be\" target=\"_blank\" rel=\"noopener\" title=\"\">https:\/\/www.abc-web.be<\/a><\/p>\n\n\n\n<p>\u2022In Spain, the Createctura educational and artistic movement has been developing for 8 years and is now starting to spread to France.&nbsp;<a href=\"https:\/\/createctura.com\" target=\"_blank\" rel=\"noopener\" title=\"\">https:\/\/createctura.com<\/a><\/p>\n\n\n\n<p><strong>For the older children:<\/strong><\/p>\n\n\n\n<p>You can download the 8 things you can do for the planet poster - it doesn't cost anything to have it in front of you...<a href=\"https:\/\/www.education.gouv.fr\/une-ecole-engagee-pour-le-developpement-durable-et-la-transition-ecologique-12017\">https:\/\/www.education.gouv.fr\/une-ecole-engagee-pour-le-developpement-durable-et-la-transition-ecologique-12017<\/a><\/p>\n\n\n<div class=\"wp-block-image\">\n<figure class=\"aligncenter size-large is-resized\"><img loading=\"lazy\" decoding=\"async\" src=\"https:\/\/www.tuconnaispasdd.com\/wp-content\/uploads\/2023\/09\/mes-8-gestes-pour-la-plan-te-157224-724x1024.jpg\" alt=\"\" class=\"wp-image-1756\" width=\"284\" height=\"402\" srcset=\"https:\/\/www.tuconnaispasdd.com\/wp-content\/uploads\/2023\/09\/mes-8-gestes-pour-la-plan-te-157224-724x1024.jpg 724w, https:\/\/www.tuconnaispasdd.com\/wp-content\/uploads\/2023\/09\/mes-8-gestes-pour-la-plan-te-157224-212x300.jpg 212w, https:\/\/www.tuconnaispasdd.com\/wp-content\/uploads\/2023\/09\/mes-8-gestes-pour-la-plan-te-157224-768x1086.jpg 768w, https:\/\/www.tuconnaispasdd.com\/wp-content\/uploads\/2023\/09\/mes-8-gestes-pour-la-plan-te-157224-1086x1536.jpg 1086w, https:\/\/www.tuconnaispasdd.com\/wp-content\/uploads\/2023\/09\/mes-8-gestes-pour-la-plan-te-157224-1448x2048.jpg 1448w, https:\/\/www.tuconnaispasdd.com\/wp-content\/uploads\/2023\/09\/mes-8-gestes-pour-la-plan-te-157224-scaled.jpg 1810w\" sizes=\"(max-width: 284px) 100vw, 284px\" \/><\/figure><\/div>\n\n\n<p>\u2022916 schools with the eco-school label <strong>which is something at least\u2026<\/strong><\/p>\n\n\n<div class=\"wp-block-image\">\n<figure class=\"aligncenter size-full is-resized\"><img loading=\"lazy\" decoding=\"async\" src=\"https:\/\/www.tuconnaispasdd.com\/wp-content\/uploads\/2023\/08\/logo-eco-ecole-3.png\" alt=\"\" class=\"wp-image-1712\" width=\"168\" height=\"168\" srcset=\"https:\/\/www.tuconnaispasdd.com\/wp-content\/uploads\/2023\/08\/logo-eco-ecole-3.png 179w, https:\/\/www.tuconnaispasdd.com\/wp-content\/uploads\/2023\/08\/logo-eco-ecole-3-150x150.png 150w\" sizes=\"(max-width: 168px) 100vw, 168px\" \/><\/figure><\/div>\n\n\n<p>If it makes other people want to want to...Here is the link: https:\/\/www.eco-ecole.org<\/p>\n\n\n\n<p>Reminder:<strong> <\/strong>There are 59,650 secondary schools and establishments, including: 48,950 schools. 6,950 coll\u00e8ges. 3,750 lyc\u00e9es.<\/p>\n\n\n\n<p>So, 916... that's not much\u2026<\/p>\n\n\n\n<p>\u2022I found a competition in which 100 schools took part in 2022: <\/p>\n\n\n\n<p>\"Schools that sign up (middle schools, high schools and colleges) will be able to take part in the contest.&nbsp;<a href=\"https:\/\/www.cube-ecoles.org\/\">https:\/\/www.cube-ecoles.org\/<\/a>They are committed to reducing their energy consumption.<\/p>\n\n\n\n<p>\u2022School supplies paid for by the local authorities for the start of the new school year in several towns (Gentilly, Ch\u00e2tillon, etc.). We say <strong>BRAVO<\/strong> !<\/p>\n\n\n\n<p><strong>For much older children<\/strong> :<\/p>\n\n\n\n<p>This is a great initiative to replace the usual integration week with a solidarity internship at an engineering school:<\/p>\n\n\n\n<p>ESSCA students are offered a group work placement in the garden of an EHPAD (retirement home). The students have to build facilities for the residents.<\/p>\n\n\n\n<h2 class=\"wp-block-heading\">upcoming events for DD at school?<\/h2>\n\n\n\n<p>Sustainable Development Week... which, as its name doesn't suggest, will last 3 weeks.  <a href=\"https:\/\/esdw.eu\/?lang=fr\" target=\"_blank\" rel=\"noopener\" title=\"\">https:\/\/esdw.eu\/?lang=fr<\/a><\/p>\n\n\n\n<figure class=\"wp-block-image alignwide size-large\"><img loading=\"lazy\" decoding=\"async\" width=\"1024\" height=\"593\" src=\"https:\/\/www.tuconnaispasdd.com\/wp-content\/uploads\/2023\/08\/Capture-decran-2023-08-30-a-15.33.27-1-1024x593.png\" alt=\"\" class=\"wp-image-1722\" srcset=\"https:\/\/www.tuconnaispasdd.com\/wp-content\/uploads\/2023\/08\/Capture-decran-2023-08-30-a-15.33.27-1-1024x593.png 1024w, https:\/\/www.tuconnaispasdd.com\/wp-content\/uploads\/2023\/08\/Capture-decran-2023-08-30-a-15.33.27-1-300x174.png 300w, https:\/\/www.tuconnaispasdd.com\/wp-content\/uploads\/2023\/08\/Capture-decran-2023-08-30-a-15.33.27-1-768x445.png 768w, https:\/\/www.tuconnaispasdd.com\/wp-content\/uploads\/2023\/08\/Capture-decran-2023-08-30-a-15.33.27-1-1536x889.png 1536w, https:\/\/www.tuconnaispasdd.com\/wp-content\/uploads\/2023\/08\/Capture-decran-2023-08-30-a-15.33.27-1-2048x1186.png 2048w\" sizes=\"(max-width: 1024px) 100vw, 1024px\" \/><\/figure>\n\n\n\n<p>And if you want to develop educational materials on sustainable development, highlight your actions and communicate all your good deeds.<\/p>\n\n\n\n<p> Contact us! <\/p>\n\n\n\n<figure class=\"wp-block-image size-full\"><img decoding=\"async\" src=\"https:\/\/www.tuconnaispasdd.com\/wp-content\/uploads\/2023\/08\/pexels-ben-mack-5708072.jpg\" alt=\"\" class=\"wp-image-1734\"\/><\/figure>\n\n\n\n<p>Discover the other articles here: <a href=\"https:\/\/www.tuconnaispasdd.com\/en\/bienvenue\/page-d-exemple\/\">https:\/\/www.tuconnaispasdd.com\/bienvenue\/page-d-exemple\/<\/a><\/p>","protected":false},"excerpt":{"rendered":"<p>A look at sustainable development, creativity (always) and school! Ouch!<\/p>","protected":false},"author":1,"featured_media":1672,"comment_status":"open","ping_status":"open","sticky":false,"template":"","format":"standard","meta":{"om_disable_all_campaigns":false,"_monsterinsights_skip_tracking":false,"_monsterinsights_sitenote_active":false,"_monsterinsights_sitenote_note":"","_monsterinsights_sitenote_category":0,"_uf_show_specific_survey":0,"_uf_disable_surveys":false,"footnotes":""},"categories":[1],"tags":[],"yoast_head":"<!-- This site is optimized with the Yoast SEO plugin v22.5 - https:\/\/yoast.com\/wordpress\/plugins\/seo\/ -->\n<title>DD \u00e0 l&#039;\u00e9cole - Une autre vision du d\u00e9veloppement durable.<\/title>\n<meta name=\"robots\" content=\"index, follow, max-snippet:-1, max-image-preview:large, max-video-preview:-1\" \/>\n<link rel=\"canonical\" href=\"https:\/\/www.tuconnaispasdd.com\/en\/dd-a-lecole\/\" \/>\n<meta property=\"og:locale\" content=\"en_GB\" \/>\n<meta property=\"og:type\" content=\"article\" \/>\n<meta property=\"og:title\" content=\"DD \u00e0 l&#039;\u00e9cole - Une autre vision du d\u00e9veloppement durable.\" \/>\n<meta property=\"og:description\" content=\"Tour d&#039;horizon sur le d\u00e9veloppement durable, la cr\u00e9ativit\u00e9 (toujours) et l&#039;\u00e9cole ! A\u00efe\u2026 !\" \/>\n<meta property=\"og:url\" content=\"https:\/\/www.tuconnaispasdd.com\/en\/dd-a-lecole\/\" \/>\n<meta property=\"og:site_name\" content=\"Une autre vision du d\u00e9veloppement durable.\" \/>\n<meta property=\"article:published_time\" content=\"2023-08-23T14:00:20+00:00\" \/>\n<meta property=\"article:modified_time\" content=\"2023-09-25T08:11:30+00:00\" \/>\n<meta property=\"og:image\" content=\"https:\/\/www.tuconnaispasdd.com\/wp-content\/uploads\/2023\/08\/filette-scaled.jpg\" \/>\n\t<meta property=\"og:image:width\" content=\"1707\" \/>\n\t<meta property=\"og:image:height\" content=\"2560\" \/>\n\t<meta property=\"og:image:type\" content=\"image\/jpeg\" \/>\n<meta name=\"author\" content=\"Laetitia\" \/>\n<meta name=\"twitter:card\" content=\"summary_large_image\" \/>\n<meta name=\"twitter:label1\" content=\"Written by\" \/>\n\t<meta name=\"twitter:data1\" content=\"Laetitia\" \/>\n\t<meta name=\"twitter:label2\" content=\"Estimated reading time\" \/>\n\t<meta name=\"twitter:data2\" content=\"5 minutes\" \/>\n<script type=\"application\/ld+json\" class=\"yoast-schema-graph\">{\"@context\":\"https:\/\/schema.org\",\"@graph\":[{\"@type\":\"Article\",\"@id\":\"https:\/\/www.tuconnaispasdd.com\/dd-a-lecole\/#article\",\"isPartOf\":{\"@id\":\"https:\/\/www.tuconnaispasdd.com\/dd-a-lecole\/\"},\"author\":{\"name\":\"Laetitia\",\"@id\":\"http:\/\/www.tuconnaispasdd.com\/#\/schema\/person\/504dbc6e0527020aaefdcb5097f9f35c\"},\"headline\":\"DD \u00e0 l&rsquo;\u00e9cole\",\"datePublished\":\"2023-08-23T14:00:20+00:00\",\"dateModified\":\"2023-09-25T08:11:30+00:00\",\"mainEntityOfPage\":{\"@id\":\"https:\/\/www.tuconnaispasdd.com\/dd-a-lecole\/\"},\"wordCount\":1082,\"commentCount\":0,\"publisher\":{\"@id\":\"http:\/\/www.tuconnaispasdd.com\/#organization\"},\"image\":{\"@id\":\"https:\/\/www.tuconnaispasdd.com\/dd-a-lecole\/#primaryimage\"},\"thumbnailUrl\":\"https:\/\/www.tuconnaispasdd.com\/wp-content\/uploads\/2023\/08\/filette-scaled.jpg\",\"articleSection\":[\"Lire l'article\"],\"inLanguage\":\"en-GB\",\"potentialAction\":[{\"@type\":\"CommentAction\",\"name\":\"Comment\",\"target\":[\"https:\/\/www.tuconnaispasdd.com\/dd-a-lecole\/#respond\"]}]},{\"@type\":\"WebPage\",\"@id\":\"https:\/\/www.tuconnaispasdd.com\/dd-a-lecole\/\",\"url\":\"https:\/\/www.tuconnaispasdd.com\/dd-a-lecole\/\",\"name\":\"DD \u00e0 l'\u00e9cole - Une autre vision du d\u00e9veloppement durable.\",\"isPartOf\":{\"@id\":\"http:\/\/www.tuconnaispasdd.com\/#website\"},\"primaryImageOfPage\":{\"@id\":\"https:\/\/www.tuconnaispasdd.com\/dd-a-lecole\/#primaryimage\"},\"image\":{\"@id\":\"https:\/\/www.tuconnaispasdd.com\/dd-a-lecole\/#primaryimage\"},\"thumbnailUrl\":\"https:\/\/www.tuconnaispasdd.com\/wp-content\/uploads\/2023\/08\/filette-scaled.jpg\",\"datePublished\":\"2023-08-23T14:00:20+00:00\",\"dateModified\":\"2023-09-25T08:11:30+00:00\",\"breadcrumb\":{\"@id\":\"https:\/\/www.tuconnaispasdd.com\/dd-a-lecole\/#breadcrumb\"},\"inLanguage\":\"en-GB\",\"potentialAction\":[{\"@type\":\"ReadAction\",\"target\":[\"https:\/\/www.tuconnaispasdd.com\/dd-a-lecole\/\"]}]},{\"@type\":\"ImageObject\",\"inLanguage\":\"en-GB\",\"@id\":\"https:\/\/www.tuconnaispasdd.com\/dd-a-lecole\/#primaryimage\",\"url\":\"https:\/\/www.tuconnaispasdd.com\/wp-content\/uploads\/2023\/08\/filette-scaled.jpg\",\"contentUrl\":\"https:\/\/www.tuconnaispasdd.com\/wp-content\/uploads\/2023\/08\/filette-scaled.jpg\",\"width\":1707,\"height\":2560},{\"@type\":\"BreadcrumbList\",\"@id\":\"https:\/\/www.tuconnaispasdd.com\/dd-a-lecole\/#breadcrumb\",\"itemListElement\":[{\"@type\":\"ListItem\",\"position\":1,\"name\":\"Accueil\",\"item\":\"http:\/\/www.tuconnaispasdd.com\/page-d-exemple\/\"},{\"@type\":\"ListItem\",\"position\":2,\"name\":\"DD \u00e0 l&rsquo;\u00e9cole\"}]},{\"@type\":\"WebSite\",\"@id\":\"http:\/\/www.tuconnaispasdd.com\/#website\",\"url\":\"http:\/\/www.tuconnaispasdd.com\/\",\"name\":\"Tu Connais Pas DD\",\"description\":\"Communication RSE, formations en \u00e9coconception &amp; com responsable.\",\"publisher\":{\"@id\":\"http:\/\/www.tuconnaispasdd.com\/#organization\"},\"alternateName\":\"tuconnaispasdd\",\"potentialAction\":[{\"@type\":\"SearchAction\",\"target\":{\"@type\":\"EntryPoint\",\"urlTemplate\":\"http:\/\/www.tuconnaispasdd.com\/?s={search_term_string}\"},\"query-input\":\"required name=search_term_string\"}],\"inLanguage\":\"en-GB\"},{\"@type\":\"Organization\",\"@id\":\"http:\/\/www.tuconnaispasdd.com\/#organization\",\"name\":\"Tu Connais Pas DD\",\"alternateName\":\"tuconnaispasdd\",\"url\":\"http:\/\/www.tuconnaispasdd.com\/\",\"logo\":{\"@type\":\"ImageObject\",\"inLanguage\":\"en-GB\",\"@id\":\"http:\/\/www.tuconnaispasdd.com\/#\/schema\/logo\/image\/\",\"url\":\"https:\/\/www.tuconnaispasdd.com\/wp-content\/uploads\/2023\/04\/animiertes-gif-von-online-umwandeln-de-1.gif\",\"contentUrl\":\"https:\/\/www.tuconnaispasdd.com\/wp-content\/uploads\/2023\/04\/animiertes-gif-von-online-umwandeln-de-1.gif\",\"width\":1024,\"height\":585,\"caption\":\"Tu Connais Pas DD\"},\"image\":{\"@id\":\"http:\/\/www.tuconnaispasdd.com\/#\/schema\/logo\/image\/\"}},{\"@type\":\"Person\",\"@id\":\"http:\/\/www.tuconnaispasdd.com\/#\/schema\/person\/504dbc6e0527020aaefdcb5097f9f35c\",\"name\":\"Laetitia\",\"image\":{\"@type\":\"ImageObject\",\"inLanguage\":\"en-GB\",\"@id\":\"http:\/\/www.tuconnaispasdd.com\/#\/schema\/person\/image\/\",\"url\":\"https:\/\/secure.gravatar.com\/avatar\/a0db2e671c4b262c0f6eb4d82632cf28?s=96&d=mm&r=g\",\"contentUrl\":\"https:\/\/secure.gravatar.com\/avatar\/a0db2e671c4b262c0f6eb4d82632cf28?s=96&d=mm&r=g\",\"caption\":\"Laetitia\"},\"sameAs\":[\"http:\/\/www.tuconnaispasdd.com\"],\"url\":\"https:\/\/www.tuconnaispasdd.com\/en\/author\/admin8697\/\"}]}<\/script>\n<!-- \/ Yoast SEO plugin. -->","yoast_head_json":{"title":"DD \u00e0 l'\u00e9cole - Une autre vision du d\u00e9veloppement durable.","robots":{"index":"index","follow":"follow","max-snippet":"max-snippet:-1","max-image-preview":"max-image-preview:large","max-video-preview":"max-video-preview:-1"},"canonical":"https:\/\/www.tuconnaispasdd.com\/en\/dd-a-lecole\/","og_locale":"en_GB","og_type":"article","og_title":"DD \u00e0 l'\u00e9cole - Une autre vision du d\u00e9veloppement durable.","og_description":"Tour d'horizon sur le d\u00e9veloppement durable, la cr\u00e9ativit\u00e9 (toujours) et l'\u00e9cole ! A\u00efe\u2026 !","og_url":"https:\/\/www.tuconnaispasdd.com\/en\/dd-a-lecole\/","og_site_name":"Une autre vision du d\u00e9veloppement durable.","article_published_time":"2023-08-23T14:00:20+00:00","article_modified_time":"2023-09-25T08:11:30+00:00","og_image":[{"width":1707,"height":2560,"url":"https:\/\/www.tuconnaispasdd.com\/wp-content\/uploads\/2023\/08\/filette-scaled.jpg","type":"image\/jpeg"}],"author":"Laetitia","twitter_card":"summary_large_image","twitter_misc":{"Written by":"Laetitia","Estimated reading time":"5 minutes"},"schema":{"@context":"https:\/\/schema.org","@graph":[{"@type":"Article","@id":"https:\/\/www.tuconnaispasdd.com\/dd-a-lecole\/#article","isPartOf":{"@id":"https:\/\/www.tuconnaispasdd.com\/dd-a-lecole\/"},"author":{"name":"Laetitia","@id":"http:\/\/www.tuconnaispasdd.com\/#\/schema\/person\/504dbc6e0527020aaefdcb5097f9f35c"},"headline":"DD \u00e0 l&rsquo;\u00e9cole","datePublished":"2023-08-23T14:00:20+00:00","dateModified":"2023-09-25T08:11:30+00:00","mainEntityOfPage":{"@id":"https:\/\/www.tuconnaispasdd.com\/dd-a-lecole\/"},"wordCount":1082,"commentCount":0,"publisher":{"@id":"http:\/\/www.tuconnaispasdd.com\/#organization"},"image":{"@id":"https:\/\/www.tuconnaispasdd.com\/dd-a-lecole\/#primaryimage"},"thumbnailUrl":"https:\/\/www.tuconnaispasdd.com\/wp-content\/uploads\/2023\/08\/filette-scaled.jpg","articleSection":["Lire l'article"],"inLanguage":"en-GB","potentialAction":[{"@type":"CommentAction","name":"Comment","target":["https:\/\/www.tuconnaispasdd.com\/dd-a-lecole\/#respond"]}]},{"@type":"WebPage","@id":"https:\/\/www.tuconnaispasdd.com\/dd-a-lecole\/","url":"https:\/\/www.tuconnaispasdd.com\/dd-a-lecole\/","name":"DD \u00e0 l'\u00e9cole - Une autre vision du d\u00e9veloppement durable.","isPartOf":{"@id":"http:\/\/www.tuconnaispasdd.com\/#website"},"primaryImageOfPage":{"@id":"https:\/\/www.tuconnaispasdd.com\/dd-a-lecole\/#primaryimage"},"image":{"@id":"https:\/\/www.tuconnaispasdd.com\/dd-a-lecole\/#primaryimage"},"thumbnailUrl":"https:\/\/www.tuconnaispasdd.com\/wp-content\/uploads\/2023\/08\/filette-scaled.jpg","datePublished":"2023-08-23T14:00:20+00:00","dateModified":"2023-09-25T08:11:30+00:00","breadcrumb":{"@id":"https:\/\/www.tuconnaispasdd.com\/dd-a-lecole\/#breadcrumb"},"inLanguage":"en-GB","potentialAction":[{"@type":"ReadAction","target":["https:\/\/www.tuconnaispasdd.com\/dd-a-lecole\/"]}]},{"@type":"ImageObject","inLanguage":"en-GB","@id":"https:\/\/www.tuconnaispasdd.com\/dd-a-lecole\/#primaryimage","url":"https:\/\/www.tuconnaispasdd.com\/wp-content\/uploads\/2023\/08\/filette-scaled.jpg","contentUrl":"https:\/\/www.tuconnaispasdd.com\/wp-content\/uploads\/2023\/08\/filette-scaled.jpg","width":1707,"height":2560},{"@type":"BreadcrumbList","@id":"https:\/\/www.tuconnaispasdd.com\/dd-a-lecole\/#breadcrumb","itemListElement":[{"@type":"ListItem","position":1,"name":"Accueil","item":"http:\/\/www.tuconnaispasdd.com\/page-d-exemple\/"},{"@type":"ListItem","position":2,"name":"DD \u00e0 l&rsquo;\u00e9cole"}]},{"@type":"WebSite","@id":"http:\/\/www.tuconnaispasdd.com\/#website","url":"http:\/\/www.tuconnaispasdd.com\/","name":"Tu Connais Pas DD","description":"CSR communication, eco-design &amp; responsible com training.","publisher":{"@id":"http:\/\/www.tuconnaispasdd.com\/#organization"},"alternateName":"tuconnaispasdd","potentialAction":[{"@type":"SearchAction","target":{"@type":"EntryPoint","urlTemplate":"http:\/\/www.tuconnaispasdd.com\/?s={search_term_string}"},"query-input":"required name=search_term_string"}],"inLanguage":"en-GB"},{"@type":"Organization","@id":"http:\/\/www.tuconnaispasdd.com\/#organization","name":"Tu Connais Pas DD","alternateName":"tuconnaispasdd","url":"http:\/\/www.tuconnaispasdd.com\/","logo":{"@type":"ImageObject","inLanguage":"en-GB","@id":"http:\/\/www.tuconnaispasdd.com\/#\/schema\/logo\/image\/","url":"https:\/\/www.tuconnaispasdd.com\/wp-content\/uploads\/2023\/04\/animiertes-gif-von-online-umwandeln-de-1.gif","contentUrl":"https:\/\/www.tuconnaispasdd.com\/wp-content\/uploads\/2023\/04\/animiertes-gif-von-online-umwandeln-de-1.gif","width":1024,"height":585,"caption":"Tu Connais Pas DD"},"image":{"@id":"http:\/\/www.tuconnaispasdd.com\/#\/schema\/logo\/image\/"}},{"@type":"Person","@id":"http:\/\/www.tuconnaispasdd.com\/#\/schema\/person\/504dbc6e0527020aaefdcb5097f9f35c","name":"Laetitia","image":{"@type":"ImageObject","inLanguage":"en-GB","@id":"http:\/\/www.tuconnaispasdd.com\/#\/schema\/person\/image\/","url":"https:\/\/secure.gravatar.com\/avatar\/a0db2e671c4b262c0f6eb4d82632cf28?s=96&d=mm&r=g","contentUrl":"https:\/\/secure.gravatar.com\/avatar\/a0db2e671c4b262c0f6eb4d82632cf28?s=96&d=mm&r=g","caption":"Laetitia"},"sameAs":["http:\/\/www.tuconnaispasdd.com"],"url":"https:\/\/www.tuconnaispasdd.com\/en\/author\/admin8697\/"}]}},"_links":{"self":[{"href":"https:\/\/www.tuconnaispasdd.com\/en\/wp-json\/wp\/v2\/posts\/1654"}],"collection":[{"href":"https:\/\/www.tuconnaispasdd.com\/en\/wp-json\/wp\/v2\/posts"}],"about":[{"href":"https:\/\/www.tuconnaispasdd.com\/en\/wp-json\/wp\/v2\/types\/post"}],"author":[{"embeddable":true,"href":"https:\/\/www.tuconnaispasdd.com\/en\/wp-json\/wp\/v2\/users\/1"}],"replies":[{"embeddable":true,"href":"https:\/\/www.tuconnaispasdd.com\/en\/wp-json\/wp\/v2\/comments?post=1654"}],"version-history":[{"count":31,"href":"https:\/\/www.tuconnaispasdd.com\/en\/wp-json\/wp\/v2\/posts\/1654\/revisions"}],"predecessor-version":[{"id":1864,"href":"https:\/\/www.tuconnaispasdd.com\/en\/wp-json\/wp\/v2\/posts\/1654\/revisions\/1864"}],"wp:featuredmedia":[{"embeddable":true,"href":"https:\/\/www.tuconnaispasdd.com\/en\/wp-json\/wp\/v2\/media\/1672"}],"wp:attachment":[{"href":"https:\/\/www.tuconnaispasdd.com\/en\/wp-json\/wp\/v2\/media?parent=1654"}],"wp:term":[{"taxonomy":"category","embeddable":true,"href":"https:\/\/www.tuconnaispasdd.com\/en\/wp-json\/wp\/v2\/categories?post=1654"},{"taxonomy":"post_tag","embeddable":true,"href":"https:\/\/www.tuconnaispasdd.com\/en\/wp-json\/wp\/v2\/tags?post=1654"}],"curies":[{"name":"wp","href":"https:\/\/api.w.org\/{rel}","templated":true}]}}